{"id":1420,"date":"2020-06-17T19:32:21","date_gmt":"2020-06-17T17:32:21","guid":{"rendered":"https:\/\/seneh.fr\/Musicales\/?p=1420"},"modified":"2021-02-06T09:30:55","modified_gmt":"2021-02-06T08:30:55","slug":"numero-16","status":"publish","type":"post","link":"https:\/\/seneh.fr\/Musicales\/numero-16\/","title":{"rendered":"Num\u00e9ro 16"},"content":{"rendered":"\n<p style=\"text-align:center\"><b><font color=\"#FF6600\" size=\"5\">Comme d&rsquo;habitude<\/font><\/b><\/p>\n\n\n\n<div class=\"sc_fancy_player_container\"><audio class=\"wp-audio-shortcode\" id=\"audio-1420-1\" preload=\"none\" style=\"width: 100%;\" controls=\"controls\"><source type=\"audio\/mpeg\" src=\"https:\/\/www.seneh.fr\/Musique\/interp06\/CommeDhabitude.mp3?_=1\" \/><a href=\"https:\/\/www.seneh.fr\/Musique\/interp06\/CommeDhabitude.mp3\">https:\/\/www.seneh.fr\/Musique\/interp06\/CommeDhabitude.mp3<\/a><\/audio><\/div><p style=\"text-align:justify\"> <b><font color=\"#680000\" size=\"2\"><em>\nDe Claude Fran\u00e7ois &#8211; Compositeur : Jacques Revaux<\/em><\/font><\/b><\/p>\n\n\n\n<p style=\"text-align:center\"><b><font color=\"#FF6600\" size=\"5\">Je vais t&rsquo;aimer<\/font><\/b><\/p>\n\n\n\n<div class=\"sc_fancy_player_container\"><audio class=\"wp-audio-shortcode\" id=\"audio-1420-2\" preload=\"none\" style=\"width: 100%;\" controls=\"controls\"><source type=\"audio\/mpeg\" src=\"https:\/\/www.seneh.fr\/Musique\/interp06\/JeVaisTAimer.mp3?_=2\" \/><a href=\"https:\/\/www.seneh.fr\/Musique\/interp06\/JeVaisTAimer.mp3\">https:\/\/www.seneh.fr\/Musique\/interp06\/JeVaisTAimer.mp3<\/a><\/audio><\/div><p style=\"text-align:justify\"> <b><font color=\"#680000\" size=\"2\"><em>\nDe Michel Sardou &#8211; Compositeurs : Gilles Thibaut &#8211; Jacques Revaux<\/em><\/font><\/b><\/p>\n\n\n\n<p style=\"text-align:center\"><b><font color=\"#FF6600\" size=\"5\">N&rsquo;oubliez jamais<\/font><\/b><\/p>\n\n\n\n<div class=\"sc_fancy_player_container\"><audio class=\"wp-audio-shortcode\" id=\"audio-1420-3\" preload=\"none\" style=\"width: 100%;\" controls=\"controls\"><source type=\"audio\/mpeg\" src=\"https:\/\/www.seneh.fr\/Musique\/interp06\/NoubliezJamais.mp3?_=3\" \/><a href=\"https:\/\/www.seneh.fr\/Musique\/interp06\/NoubliezJamais.mp3\">https:\/\/www.seneh.fr\/Musique\/interp06\/NoubliezJamais.mp3<\/a><\/audio><\/div><p style=\"text-align:justify\"> <b><font color=\"#680000\" size=\"2\"><em>\nDe Joe Cocker &#8211; Compositeur : Russ Kunkel<\/em><\/font><\/b><\/p>\n\n\n\n<p style=\"text-align:center\"><b><font color=\"#FF6600\" size=\"5\">Parler \u00e0 mon p\u00e8re<\/font><\/b><\/p>\n\n\n\n<div class=\"sc_fancy_player_container\"><audio class=\"wp-audio-shortcode\" id=\"audio-1420-4\" preload=\"none\" style=\"width: 100%;\" controls=\"controls\"><source type=\"audio\/mpeg\" src=\"https:\/\/www.seneh.fr\/Musique\/interp06\/ParlerAmonPere.mp3?_=4\" \/><a href=\"https:\/\/www.seneh.fr\/Musique\/interp06\/ParlerAmonPere.mp3\">https:\/\/www.seneh.fr\/Musique\/interp06\/ParlerAmonPere.mp3<\/a><\/audio><\/div><p style=\"text-align:justify\"> <b><font color=\"#680000\" size=\"2\"><em>\nDe C\u00e9line Dion  &#8211; Compositeurs : Jacques Veneruso &#8211; Patrick Hampartzoumian<\/em><\/font><\/b><\/p>\n\n\n\n<p style=\"text-align:center\"><b><font color=\"#FF6600\" size=\"5\">H\u00f4tel California<\/font><\/b><\/p>\n\n\n\n<div class=\"sc_fancy_player_container\"><audio class=\"wp-audio-shortcode\" id=\"audio-1420-5\" preload=\"none\" style=\"width: 100%;\" controls=\"controls\"><source type=\"audio\/mpeg\" src=\"https:\/\/www.seneh.fr\/Musique\/interp06\/HotelCalifornia.mp3?_=5\" \/><a href=\"https:\/\/www.seneh.fr\/Musique\/interp06\/HotelCalifornia.mp3\">https:\/\/www.seneh.fr\/Musique\/interp06\/HotelCalifornia.mp3<\/a><\/audio><\/div><p style=\"text-align:justify\"> <b><font color=\"#680000\" size=\"2\"><em>\nDe The Eagles &#8211; Compositeurs : Don Henley &#8211; Glenn Frey &#8211; Don Felder<\/em><\/font><\/b><\/p>\n\n\n\n<div class=\"wp-block-image\"><figure class=\"aligncenter size-large\"><img loading=\"lazy\" decoding=\"async\" width=\"35\" height=\"35\" src=\"https:\/\/seneh.fr\/Musicales\/wp-content\/uploads\/2019\/04\/lumierecligbleu.gif\" alt=\"\" class=\"wp-image-545\"\/><\/figure><\/div>\n\n\n\n<p><\/p>\n","protected":false},"excerpt":{"rendered":"<p>Comme d&rsquo;habitude De Claude Fran\u00e7ois &#8211; Compositeur : Jacques Revaux Je vais t&rsquo;aimer De Michel Sardou &#8211; Compositeurs : Gilles Thibaut &#8211; Jacques Revaux N&rsquo;oubliez jamais De Joe Cocker &#8211; Compositeur : Russ Kunkel Parler \u00e0 mon p\u00e8re De C\u00e9line Dion &#8211; Compositeurs : Jacques Veneruso &#8211; Patrick Hampartzoumian H\u00f4tel California De The Eagles &#8211; &hellip; <a href=\"https:\/\/seneh.fr\/Musicales\/numero-16\/\" class=\"more-link\">Continuer la lecture<span class=\"screen-reader-text\"> de &laquo;&nbsp;Num\u00e9ro 16&nbsp;&raquo;<\/span><\/a><\/p>\n","protected":false},"author":1,"featured_media":0,"comment_status":"closed","ping_status":"open","sticky":false,"template":"","format":"standard","meta":{"footnotes":""},"categories":[3],"tags":[],"class_list":["post-1420","post","type-post","status-publish","format-standard","hentry","category-interpretations"],"_links":{"self":[{"href":"https:\/\/seneh.fr\/Musicales\/wp-json\/wp\/v2\/posts\/1420","targetHints":{"allow":["GET"]}}],"collection":[{"href":"https:\/\/seneh.fr\/Musicales\/wp-json\/wp\/v2\/posts"}],"about":[{"href":"https:\/\/seneh.fr\/Musicales\/wp-json\/wp\/v2\/types\/post"}],"author":[{"embeddable":true,"href":"https:\/\/seneh.fr\/Musicales\/wp-json\/wp\/v2\/users\/1"}],"replies":[{"embeddable":true,"href":"https:\/\/seneh.fr\/Musicales\/wp-json\/wp\/v2\/comments?post=1420"}],"version-history":[{"count":15,"href":"https:\/\/seneh.fr\/Musicales\/wp-json\/wp\/v2\/posts\/1420\/revisions"}],"predecessor-version":[{"id":1836,"href":"https:\/\/seneh.fr\/Musicales\/wp-json\/wp\/v2\/posts\/1420\/revisions\/1836"}],"wp:attachment":[{"href":"https:\/\/seneh.fr\/Musicales\/wp-json\/wp\/v2\/media?parent=1420"}],"wp:term":[{"taxonomy":"category","embeddable":true,"href":"https:\/\/seneh.fr\/Musicales\/wp-json\/wp\/v2\/categories?post=1420"},{"taxonomy":"post_tag","embeddable":true,"href":"https:\/\/seneh.fr\/Musicales\/wp-json\/wp\/v2\/tags?post=1420"}],"curies":[{"name":"wp","href":"https:\/\/api.w.org\/{rel}","templated":true}]}}