{"id":364,"date":"2019-03-28T16:50:17","date_gmt":"2019-03-28T15:50:17","guid":{"rendered":"http:\/\/seneh.fr\/Musicales\/?p=364"},"modified":"2020-09-30T17:27:14","modified_gmt":"2020-09-30T15:27:14","slug":"numero-06","status":"publish","type":"post","link":"https:\/\/seneh.fr\/Musicales\/numero-06\/","title":{"rendered":"Num\u00e9ro 06"},"content":{"rendered":"\n<p style=\"text-align:center\"><b><font color=\"#FF6600\" size=\"5\">En cloque<\/font><\/b><\/p>\n\n\n\n<div class=\"sc_fancy_player_container\"><audio class=\"wp-audio-shortcode\" id=\"audio-364-1\" preload=\"none\" style=\"width: 100%;\" controls=\"controls\"><source type=\"audio\/mpeg\" src=\"http:\/\/www.seneh.fr\/Musique\/interp02\/EnCloque.mp3?_=1\" \/><a href=\"http:\/\/www.seneh.fr\/Musique\/interp02\/EnCloque.mp3\">http:\/\/www.seneh.fr\/Musique\/interp02\/EnCloque.mp3<\/a><\/audio><\/div><p style=\"text-align:justify\"> <b><font color=\"#680000\" size=\"2\"><em>\nDe Renaud<\/em><\/font><\/b><\/p>\n\n\n\n<p style=\"text-align:center\"><b><font color=\"#FF6600\" size=\"5\">Entrer dans la lumi\u00e8re<\/font><\/b><\/p>\n\n\n\n<div class=\"sc_fancy_player_container\"><audio class=\"wp-audio-shortcode\" id=\"audio-364-2\" preload=\"none\" style=\"width: 100%;\" controls=\"controls\"><source type=\"audio\/mpeg\" src=\"http:\/\/www.seneh.fr\/Musique\/interp02\/Entrerdanslalumi\u00e8re.mp3?_=2\" \/><a href=\"http:\/\/www.seneh.fr\/Musique\/interp02\/Entrerdanslalumi\u00e8re.mp3\">http:\/\/www.seneh.fr\/Musique\/interp02\/Entrerdanslalumi\u00e8re.mp3<\/a><\/audio><\/div><p style=\"text-align:justify\"> <b><font color=\"#680000\" size=\"2\"><em>\nDe Patricia Kaas &amp; Fran\u00e7ois Bernheim<\/em><\/font><\/b><\/p>\n\n\n\n<p style=\"text-align:center\"><b><font color=\"#FF6600\" size=\"5\">Il me dit que je suis belle<\/font><\/b><\/p>\n\n\n\n<div class=\"sc_fancy_player_container\"><audio class=\"wp-audio-shortcode\" id=\"audio-364-3\" preload=\"none\" style=\"width: 100%;\" controls=\"controls\"><source type=\"audio\/mpeg\" src=\"http:\/\/www.seneh.fr\/Musique\/interp02\/IlMeDitQueJeSuisBelle.mp3?_=3\" \/><a href=\"http:\/\/www.seneh.fr\/Musique\/interp02\/IlMeDitQueJeSuisBelle.mp3\">http:\/\/www.seneh.fr\/Musique\/interp02\/IlMeDitQueJeSuisBelle.mp3<\/a><\/audio><\/div><p style=\"text-align:justify\"> <b><font color=\"#680000\" size=\"2\"><em>\nDe Patricia Kaas &amp; Fran\u00e7ois Bernheim<\/em><\/font><\/b><\/p>\n\n\n\n<p style=\"text-align:center\"><b><font color=\"#FF6600\" size=\"5\">Je n&rsquo;aurai pas le temps<\/font><\/b><\/p>\n\n\n\n<div class=\"sc_fancy_player_container\"><audio class=\"wp-audio-shortcode\" id=\"audio-364-4\" preload=\"none\" style=\"width: 100%;\" controls=\"controls\"><source type=\"audio\/mpeg\" src=\"http:\/\/www.seneh.fr\/Musique\/interp02\/JeNauraiPasLeTemps.mp3?_=4\" \/><a href=\"http:\/\/www.seneh.fr\/Musique\/interp02\/JeNauraiPasLeTemps.mp3\">http:\/\/www.seneh.fr\/Musique\/interp02\/JeNauraiPasLeTemps.mp3<\/a><\/audio><\/div><p style=\"text-align:justify\"> <b><font color=\"#680000\" size=\"2\"><em>\nDe Michel Fugain<\/em><\/font><\/b><\/p>\n\n\n\n<p style=\"text-align:center\"><b><font color=\"#FF6600\" size=\"5\">Kiss me<\/font><\/b><\/p>\n\n\n\n<div class=\"sc_fancy_player_container\"><audio class=\"wp-audio-shortcode\" id=\"audio-364-5\" preload=\"none\" style=\"width: 100%;\" controls=\"controls\"><source type=\"audio\/mpeg\" src=\"http:\/\/www.seneh.fr\/Musique\/interp02\/KissMe.mp3?_=5\" \/><a href=\"http:\/\/www.seneh.fr\/Musique\/interp02\/KissMe.mp3\">http:\/\/www.seneh.fr\/Musique\/interp02\/KissMe.mp3<\/a><\/audio><\/div><p style=\"text-align:justify\"> <b><font color=\"#680000\" size=\"2\"><em>\nDe C J\u00e9r\u00f4me &amp;  Sylvain Garcia <\/em><\/font><\/b><\/p>\n\n\n\n<div class=\"wp-block-image\"><figure class=\"aligncenter\"><img loading=\"lazy\" decoding=\"async\" width=\"35\" height=\"35\" src=\"http:\/\/seneh.fr\/Musicales\/wp-content\/uploads\/2019\/04\/lumierecligbleu.gif\" alt=\"\" class=\"wp-image-545\"\/><\/figure><\/div>\n\n\n","protected":false},"excerpt":{"rendered":"<p>En cloque De Renaud Entrer dans la lumi\u00e8re De Patricia Kaas &amp; Fran\u00e7ois Bernheim Il me dit que je suis belle De Patricia Kaas &amp; Fran\u00e7ois Bernheim Je n&rsquo;aurai pas le temps De Michel Fugain Kiss me De C J\u00e9r\u00f4me &amp; Sylvain Garcia<\/p>\n","protected":false},"author":1,"featured_media":0,"comment_status":"closed","ping_status":"closed","sticky":false,"template":"","format":"standard","meta":{"footnotes":""},"categories":[3],"tags":[],"class_list":["post-364","post","type-post","status-publish","format-standard","hentry","category-interpretations"],"_links":{"self":[{"href":"https:\/\/seneh.fr\/Musicales\/wp-json\/wp\/v2\/posts\/364","targetHints":{"allow":["GET"]}}],"collection":[{"href":"https:\/\/seneh.fr\/Musicales\/wp-json\/wp\/v2\/posts"}],"about":[{"href":"https:\/\/seneh.fr\/Musicales\/wp-json\/wp\/v2\/types\/post"}],"author":[{"embeddable":true,"href":"https:\/\/seneh.fr\/Musicales\/wp-json\/wp\/v2\/users\/1"}],"replies":[{"embeddable":true,"href":"https:\/\/seneh.fr\/Musicales\/wp-json\/wp\/v2\/comments?post=364"}],"version-history":[{"count":14,"href":"https:\/\/seneh.fr\/Musicales\/wp-json\/wp\/v2\/posts\/364\/revisions"}],"predecessor-version":[{"id":1665,"href":"https:\/\/seneh.fr\/Musicales\/wp-json\/wp\/v2\/posts\/364\/revisions\/1665"}],"wp:attachment":[{"href":"https:\/\/seneh.fr\/Musicales\/wp-json\/wp\/v2\/media?parent=364"}],"wp:term":[{"taxonomy":"category","embeddable":true,"href":"https:\/\/seneh.fr\/Musicales\/wp-json\/wp\/v2\/categories?post=364"},{"taxonomy":"post_tag","embeddable":true,"href":"https:\/\/seneh.fr\/Musicales\/wp-json\/wp\/v2\/tags?post=364"}],"curies":[{"name":"wp","href":"https:\/\/api.w.org\/{rel}","templated":true}]}}