{"id":410,"date":"2019-04-01T12:04:27","date_gmt":"2019-04-01T10:04:27","guid":{"rendered":"http:\/\/seneh.fr\/Musicales\/?p=410"},"modified":"2020-09-30T17:30:30","modified_gmt":"2020-09-30T15:30:30","slug":"numero-09","status":"publish","type":"post","link":"https:\/\/seneh.fr\/Musicales\/numero-09\/","title":{"rendered":"Num\u00e9ro 09"},"content":{"rendered":"\n<p style=\"text-align:center\"><b><font color=\"#FF6600\" size=\"5\">Fernando<\/font><\/b><\/p>\n\n\n\n<div class=\"sc_fancy_player_container\"><audio class=\"wp-audio-shortcode\" id=\"audio-410-1\" preload=\"none\" style=\"width: 100%;\" controls=\"controls\"><source type=\"audio\/mpeg\" src=\"http:\/\/www.seneh.fr\/Musique\/interp03\/Fernando.mp3?_=1\" \/><a href=\"http:\/\/www.seneh.fr\/Musique\/interp03\/Fernando.mp3\">http:\/\/www.seneh.fr\/Musique\/interp03\/Fernando.mp3<\/a><\/audio><\/div><p style=\"text-align:justify\"> <b><font color=\"#680000\" size=\"2\"><em>\nDe Abba &amp; Bj\u00f6rn Ulvaeus<\/em><\/font><\/b><\/p>\n\n\n\n<p style=\"text-align:center\"><b><font color=\"#FF6600\" size=\"5\">Il \u00e9tait une fois<\/font><\/b><\/p>\n\n\n\n<div class=\"sc_fancy_player_container\"><audio class=\"wp-audio-shortcode\" id=\"audio-410-2\" preload=\"none\" style=\"width: 100%;\" controls=\"controls\"><source type=\"audio\/mpeg\" src=\"http:\/\/www.seneh.fr\/Musique\/interp03\/IlEtaitUneFois.mp3?_=2\" \/><a href=\"http:\/\/www.seneh.fr\/Musique\/interp03\/IlEtaitUneFois.mp3\">http:\/\/www.seneh.fr\/Musique\/interp03\/IlEtaitUneFois.mp3<\/a><\/audio><\/div><p style=\"text-align:justify\"> <b><font color=\"#680000\" size=\"2\"><em>\nDe  Ennio Morricone &#8211; Musique de film<\/em><\/font><\/b><\/p>\n\n\n\n<p style=\"text-align:center\"><b><font color=\"#FF6600\" size=\"5\">J&rsquo;ai oubli\u00e9 de vivre<\/font><\/b><\/p>\n\n\n\n<div class=\"sc_fancy_player_container\"><audio class=\"wp-audio-shortcode\" id=\"audio-410-3\" preload=\"none\" style=\"width: 100%;\" controls=\"controls\"><source type=\"audio\/mpeg\" src=\"http:\/\/www.seneh.fr\/Musique\/interp03\/JaiOublieDeVivre.mp3?_=3\" \/><a href=\"http:\/\/www.seneh.fr\/Musique\/interp03\/JaiOublieDeVivre.mp3\">http:\/\/www.seneh.fr\/Musique\/interp03\/JaiOublieDeVivre.mp3<\/a><\/audio><\/div><p style=\"text-align:justify\"> <b><font color=\"#680000\" size=\"2\"><em>\nDe Johnny Hallyday &amp; Jacques Revaux<\/em><\/font><\/b><\/p>\n\n\n\n<p style=\"text-align:center\"><b><font color=\"#FF6600\" size=\"5\">Je suis malade<\/font><\/b><\/p>\n\n\n\n<div class=\"sc_fancy_player_container\"><audio class=\"wp-audio-shortcode\" id=\"audio-410-4\" preload=\"none\" style=\"width: 100%;\" controls=\"controls\"><source type=\"audio\/mpeg\" src=\"http:\/\/www.seneh.fr\/Musique\/interp03\/JeSuisMalade.mp3?_=4\" \/><a href=\"http:\/\/www.seneh.fr\/Musique\/interp03\/JeSuisMalade.mp3\">http:\/\/www.seneh.fr\/Musique\/interp03\/JeSuisMalade.mp3<\/a><\/audio><\/div><p style=\"text-align:justify\"> <b><font color=\"#680000\" size=\"2\"><em>\nDe Serge Lama &amp; Alice Dona<\/em><\/font><\/b><\/p>\n\n\n\n<p style=\"text-align:center\"><b><font color=\"#FF6600\" size=\"5\">La fille aux cheveux clairs<\/font><\/b><\/p>\n\n\n\n<div class=\"sc_fancy_player_container\"><audio class=\"wp-audio-shortcode\" id=\"audio-410-5\" preload=\"none\" style=\"width: 100%;\" controls=\"controls\"><source type=\"audio\/mpeg\" src=\"http:\/\/www.seneh.fr\/Musique\/interp03\/LaFilleAuxCheveuxClairs.mp3?_=5\" \/><a href=\"http:\/\/www.seneh.fr\/Musique\/interp03\/LaFilleAuxCheveuxClairs.mp3\">http:\/\/www.seneh.fr\/Musique\/interp03\/LaFilleAuxCheveuxClairs.mp3<\/a><\/audio><\/div><p style=\"text-align:justify\"> <b><font color=\"#680000\" size=\"2\"><em>\nDe Michel Sardou &amp; Jacques Revaux<\/em><\/font><\/b><\/p>\n\n\n\n<div class=\"wp-block-image\"><figure class=\"aligncenter\"><img loading=\"lazy\" decoding=\"async\" width=\"35\" height=\"35\" src=\"http:\/\/seneh.fr\/Musicales\/wp-content\/uploads\/2019\/04\/lumierecligbleu.gif\" alt=\"\" class=\"wp-image-545\"\/><\/figure><\/div>\n\n\n","protected":false},"excerpt":{"rendered":"<p>Fernando De Abba &amp; Bj\u00f6rn Ulvaeus Il \u00e9tait une fois De Ennio Morricone &#8211; Musique de film J&rsquo;ai oubli\u00e9 de vivre De Johnny Hallyday &amp; Jacques Revaux Je suis malade De Serge Lama &amp; Alice Dona La fille aux cheveux clairs De Michel Sardou &amp; Jacques Revaux<\/p>\n","protected":false},"author":1,"featured_media":0,"comment_status":"closed","ping_status":"closed","sticky":false,"template":"","format":"standard","meta":{"footnotes":""},"categories":[3],"tags":[],"class_list":["post-410","post","type-post","status-publish","format-standard","hentry","category-interpretations"],"_links":{"self":[{"href":"https:\/\/seneh.fr\/Musicales\/wp-json\/wp\/v2\/posts\/410","targetHints":{"allow":["GET"]}}],"collection":[{"href":"https:\/\/seneh.fr\/Musicales\/wp-json\/wp\/v2\/posts"}],"about":[{"href":"https:\/\/seneh.fr\/Musicales\/wp-json\/wp\/v2\/types\/post"}],"author":[{"embeddable":true,"href":"https:\/\/seneh.fr\/Musicales\/wp-json\/wp\/v2\/users\/1"}],"replies":[{"embeddable":true,"href":"https:\/\/seneh.fr\/Musicales\/wp-json\/wp\/v2\/comments?post=410"}],"version-history":[{"count":12,"href":"https:\/\/seneh.fr\/Musicales\/wp-json\/wp\/v2\/posts\/410\/revisions"}],"predecessor-version":[{"id":1667,"href":"https:\/\/seneh.fr\/Musicales\/wp-json\/wp\/v2\/posts\/410\/revisions\/1667"}],"wp:attachment":[{"href":"https:\/\/seneh.fr\/Musicales\/wp-json\/wp\/v2\/media?parent=410"}],"wp:term":[{"taxonomy":"category","embeddable":true,"href":"https:\/\/seneh.fr\/Musicales\/wp-json\/wp\/v2\/categories?post=410"},{"taxonomy":"post_tag","embeddable":true,"href":"https:\/\/seneh.fr\/Musicales\/wp-json\/wp\/v2\/tags?post=410"}],"curies":[{"name":"wp","href":"https:\/\/api.w.org\/{rel}","templated":true}]}}