{"id":442,"date":"2019-04-01T17:01:19","date_gmt":"2019-04-01T15:01:19","guid":{"rendered":"http:\/\/seneh.fr\/Musicales\/?p=442"},"modified":"2021-03-02T15:53:03","modified_gmt":"2021-03-02T14:53:03","slug":"mes-classiques","status":"publish","type":"post","link":"https:\/\/seneh.fr\/Musicales\/mes-classiques\/","title":{"rendered":"Classique 01"},"content":{"rendered":"\n<p style=\"text-align:center\"><b><font color=\"#FF6600\" size=\"5\">Ballade pour Adeline<\/font><\/b><\/p>\n\n\n\n<div class=\"sc_fancy_player_container\"><audio class=\"wp-audio-shortcode\" id=\"audio-442-1\" preload=\"none\" style=\"width: 100%;\" controls=\"controls\"><source type=\"audio\/mpeg\" src=\"https:\/\/www.seneh.fr\/Musique\/classiques\/BalladePourAdeline.mp3?_=1\" \/><a href=\"https:\/\/www.seneh.fr\/Musique\/classiques\/BalladePourAdeline.mp3\">https:\/\/www.seneh.fr\/Musique\/classiques\/BalladePourAdeline.mp3<\/a><\/audio><\/div><p style=\"text-align:justify\"> <b><font color=\"#680000\" size=\"2\"> <em> De Paul Senneville &#8211; Arrangements, interpr\u00e8te : Henri SEN\u00c9<\/em><\/font><\/b><\/p>\n\n\n\n<p style=\"text-align:center\"><b><font color=\"#FF6600\" size=\"5\">Conte Partiro<\/font><\/b><\/p>\n\n\n\n<div class=\"sc_fancy_player_container\"><audio class=\"wp-audio-shortcode\" id=\"audio-442-2\" preload=\"none\" style=\"width: 100%;\" controls=\"controls\"><source type=\"audio\/mpeg\" src=\"https:\/\/www.seneh.fr\/Musique\/classiques\/ContePartiro.mp3?_=2\" \/><a href=\"https:\/\/www.seneh.fr\/Musique\/classiques\/ContePartiro.mp3\">https:\/\/www.seneh.fr\/Musique\/classiques\/ContePartiro.mp3<\/a><\/audio><\/div><p style=\"text-align:justify\"> <b><font color=\"#680000\" size=\"2\"> <em>\nDe Andrea Bocelli, Lucio Quarantotto &#8211; Arrangements, interpr\u00e8te : Henri SEN\u00c9<\/em><\/font><\/b><\/p>\n\n\n\n<p style=\"text-align:center\"><b><font color=\"#FF6600\" size=\"5\">J\u00e9sus que ma joie demeure<\/font><\/b><\/p>\n\n\n\n<div class=\"sc_fancy_player_container\"><audio class=\"wp-audio-shortcode\" id=\"audio-442-3\" preload=\"none\" style=\"width: 100%;\" controls=\"controls\"><source type=\"audio\/mpeg\" src=\"https:\/\/www.seneh.fr\/Musique\/classiques\/JesusQueMaJoieDemeure.mp3?_=3\" \/><a href=\"https:\/\/www.seneh.fr\/Musique\/classiques\/JesusQueMaJoieDemeure.mp3\">https:\/\/www.seneh.fr\/Musique\/classiques\/JesusQueMaJoieDemeure.mp3<\/a><\/audio><\/div><p style=\"text-align:justify\"> <b><font color=\"#680000\" size=\"2\"><em> \nDe Johann Sebastian Bach &#8211; Arrangements, interpr\u00e8te : Henri SEN\u00c9<\/em><\/font><\/b><\/p>\n\n\n\n<p style=\"text-align:center\"><b><font color=\"#FF6600\" size=\"5\">Suite n\u00b02 en B mineur<\/font><\/b><\/p>\n\n\n\n<div class=\"sc_fancy_player_container\"><audio class=\"wp-audio-shortcode\" id=\"audio-442-4\" preload=\"none\" style=\"width: 100%;\" controls=\"controls\"><source type=\"audio\/mpeg\" src=\"https:\/\/www.seneh.fr\/Musique\/classiques\/SuiteNo2EnBMineur.mp3?_=4\" \/><a href=\"https:\/\/www.seneh.fr\/Musique\/classiques\/SuiteNo2EnBMineur.mp3\">https:\/\/www.seneh.fr\/Musique\/classiques\/SuiteNo2EnBMineur.mp3<\/a><\/audio><\/div><p style=\"text-align:justify\"> <b><font color=\"#680000\" size=\"2\"><em>\nDe Johann Sebastian Bach &#8211; Arrangements, interpr\u00e8te : Henri SEN\u00c9<\/em><\/font><\/b><\/p>\n\n\n\n<p style=\"text-align:center\"><b><font color=\"#FF6600\" size=\"5\">Symphonie du nouveau monde<\/font><\/b><\/p>\n\n\n\n<div class=\"sc_fancy_player_container\"><audio class=\"wp-audio-shortcode\" id=\"audio-442-5\" preload=\"none\" style=\"width: 100%;\" controls=\"controls\"><source type=\"audio\/mpeg\" src=\"https:\/\/www.seneh.fr\/Musique\/classiques\/Symponiedunouveaumonde.mp3?_=5\" \/><a href=\"https:\/\/www.seneh.fr\/Musique\/classiques\/Symponiedunouveaumonde.mp3\">https:\/\/www.seneh.fr\/Musique\/classiques\/Symponiedunouveaumonde.mp3<\/a><\/audio><\/div><p style=\"text-align:justify\"> <b><font color=\"#680000\" size=\"2\"><em>\nDe Anton Dvorak &#8211; Arrangements, interpr\u00e8te : Henri SEN\u00c9<\/em><\/font><\/b><\/p><p><\/p>\n\n\n\n<div class=\"wp-block-image\"><figure class=\"aligncenter\"><img loading=\"lazy\" decoding=\"async\" width=\"35\" height=\"35\" src=\"http:\/\/seneh.fr\/Musicales\/wp-content\/uploads\/2019\/04\/lumierecligbleu.gif\" alt=\"\" class=\"wp-image-545\"\/><\/figure><\/div>\n\n\n","protected":false},"excerpt":{"rendered":"<p>Ballade pour Adeline De Paul Senneville &#8211; Arrangements, interpr\u00e8te : Henri SEN\u00c9 Conte Partiro De Andrea Bocelli, Lucio Quarantotto &#8211; Arrangements, interpr\u00e8te : Henri SEN\u00c9 J\u00e9sus que ma joie demeure De Johann Sebastian Bach &#8211; Arrangements, interpr\u00e8te : Henri SEN\u00c9 Suite n\u00b02 en B mineur De Johann Sebastian Bach &#8211; Arrangements, interpr\u00e8te : Henri SEN\u00c9 &hellip; <a href=\"https:\/\/seneh.fr\/Musicales\/mes-classiques\/\" class=\"more-link\">Continuer la lecture<span class=\"screen-reader-text\"> de &laquo;&nbsp;Classique 01&nbsp;&raquo;<\/span><\/a><\/p>\n","protected":false},"author":1,"featured_media":0,"comment_status":"closed","ping_status":"closed","sticky":false,"template":"","format":"standard","meta":{"footnotes":""},"categories":[3],"tags":[],"class_list":["post-442","post","type-post","status-publish","format-standard","hentry","category-interpretations"],"_links":{"self":[{"href":"https:\/\/seneh.fr\/Musicales\/wp-json\/wp\/v2\/posts\/442","targetHints":{"allow":["GET"]}}],"collection":[{"href":"https:\/\/seneh.fr\/Musicales\/wp-json\/wp\/v2\/posts"}],"about":[{"href":"https:\/\/seneh.fr\/Musicales\/wp-json\/wp\/v2\/types\/post"}],"author":[{"embeddable":true,"href":"https:\/\/seneh.fr\/Musicales\/wp-json\/wp\/v2\/users\/1"}],"replies":[{"embeddable":true,"href":"https:\/\/seneh.fr\/Musicales\/wp-json\/wp\/v2\/comments?post=442"}],"version-history":[{"count":35,"href":"https:\/\/seneh.fr\/Musicales\/wp-json\/wp\/v2\/posts\/442\/revisions"}],"predecessor-version":[{"id":1934,"href":"https:\/\/seneh.fr\/Musicales\/wp-json\/wp\/v2\/posts\/442\/revisions\/1934"}],"wp:attachment":[{"href":"https:\/\/seneh.fr\/Musicales\/wp-json\/wp\/v2\/media?parent=442"}],"wp:term":[{"taxonomy":"category","embeddable":true,"href":"https:\/\/seneh.fr\/Musicales\/wp-json\/wp\/v2\/categories?post=442"},{"taxonomy":"post_tag","embeddable":true,"href":"https:\/\/seneh.fr\/Musicales\/wp-json\/wp\/v2\/tags?post=442"}],"curies":[{"name":"wp","href":"https:\/\/api.w.org\/{rel}","templated":true}]}}